{"id":9006,"date":"2025-08-15T07:20:41","date_gmt":"2025-08-15T07:20:41","guid":{"rendered":"https:\/\/www.starkenberg.info\/?p=9006"},"modified":"2025-08-28T04:52:49","modified_gmt":"2025-08-28T04:52:49","slug":"ausserordentliche-mitgliederversammlung-des-sv-starkenberg","status":"publish","type":"post","link":"https:\/\/www.starkenberg.info\/?p=9006","title":{"rendered":"Au\u00dferordentliche Mitgliederversammlung des SV Starkenberg"},"content":{"rendered":"\n<p>Am 12. September 2025 ab 19:00 Uhr f\u00fchrt der SV Starkenberg eine au\u00dferordentliche Mitgliederversammlung durch.<br>Der Pr\u00e4sident und der Vize-Pr\u00e4sident erkl\u00e4rten arbeits- und zeitbedingt ihren R\u00fccktritt.<br><br>Zur Wahl stellen sich:<br>Pr\u00e4sidentin: <strong>Doreen L\u00f6we<\/strong><br>Vize-Pr\u00e4sidentin: <strong>Pauline Schauer<\/strong><\/p>\n\n\n\n<p>Sollte es weitere Bewerber geben, so ist f\u00fcr deren namentliche Bekanntgabe die Meldung beim Vorsitzenden einzureichen.<\/p>\n\n\n\n<p><\/p>\n\n\n\n<figure class=\"wp-block-image size-full\"><a href=\"https:\/\/www.starkenberg.info\/_WP\/wp-content\/uploads\/2025\/08\/grafik.png\"><img loading=\"lazy\" decoding=\"async\" width=\"521\" height=\"807\" src=\"https:\/\/www.starkenberg.info\/_WP\/wp-content\/uploads\/2025\/08\/grafik.png\" alt=\"\" class=\"wp-image-9035\" srcset=\"https:\/\/www.starkenberg.info\/_WP\/wp-content\/uploads\/2025\/08\/grafik.png 521w, https:\/\/www.starkenberg.info\/_WP\/wp-content\/uploads\/2025\/08\/grafik-194x300.png 194w, https:\/\/www.starkenberg.info\/_WP\/wp-content\/uploads\/2025\/08\/grafik-65x100.png 65w, https:\/\/www.starkenberg.info\/_WP\/wp-content\/uploads\/2025\/08\/grafik-480x743.png 480w, https:\/\/www.starkenberg.info\/_WP\/wp-content\/uploads\/2025\/08\/grafik-150x232.png 150w, https:\/\/www.starkenberg.info\/_WP\/wp-content\/uploads\/2025\/08\/grafik-125x194.png 125w, https:\/\/www.starkenberg.info\/_WP\/wp-content\/uploads\/2025\/08\/grafik-100x155.png 100w\" sizes=\"auto, (max-width: 521px) 100vw, 521px\" \/><\/a><\/figure>\n","protected":false},"excerpt":{"rendered":"<p>Am 12. September 2025 ab 19:00 Uhr f\u00fchrt der SV Starkenberg eine au\u00dferordentliche Mitgliederversammlung durch.Der Pr\u00e4sident und der Vize-Pr\u00e4sident erkl\u00e4rten&#8230;<\/p>\n","protected":false},"author":1,"featured_media":9008,"comment_status":"closed","ping_status":"closed","sticky":false,"template":"","format":"standard","meta":{"ngg_post_thumbnail":0,"footnotes":""},"categories":[1,11],"tags":[],"class_list":["post-9006","post","type-post","status-publish","format-standard","has-post-thumbnail","hentry","category-allgemein","category-sportverein","wpcat-1-id","wpcat-11-id"],"_links":{"self":[{"href":"https:\/\/www.starkenberg.info\/index.php?rest_route=\/wp\/v2\/posts\/9006","targetHints":{"allow":["GET"]}}],"collection":[{"href":"https:\/\/www.starkenberg.info\/index.php?rest_route=\/wp\/v2\/posts"}],"about":[{"href":"https:\/\/www.starkenberg.info\/index.php?rest_route=\/wp\/v2\/types\/post"}],"author":[{"embeddable":true,"href":"https:\/\/www.starkenberg.info\/index.php?rest_route=\/wp\/v2\/users\/1"}],"replies":[{"embeddable":true,"href":"https:\/\/www.starkenberg.info\/index.php?rest_route=%2Fwp%2Fv2%2Fcomments&post=9006"}],"version-history":[{"count":7,"href":"https:\/\/www.starkenberg.info\/index.php?rest_route=\/wp\/v2\/posts\/9006\/revisions"}],"predecessor-version":[{"id":9041,"href":"https:\/\/www.starkenberg.info\/index.php?rest_route=\/wp\/v2\/posts\/9006\/revisions\/9041"}],"wp:featuredmedia":[{"embeddable":true,"href":"https:\/\/www.starkenberg.info\/index.php?rest_route=\/wp\/v2\/media\/9008"}],"wp:attachment":[{"href":"https:\/\/www.starkenberg.info\/index.php?rest_route=%2Fwp%2Fv2%2Fmedia&parent=9006"}],"wp:term":[{"taxonomy":"category","embeddable":true,"href":"https:\/\/www.starkenberg.info\/index.php?rest_route=%2Fwp%2Fv2%2Fcategories&post=9006"},{"taxonomy":"post_tag","embeddable":true,"href":"https:\/\/www.starkenberg.info\/index.php?rest_route=%2Fwp%2Fv2%2Ftags&post=9006"}],"curies":[{"name":"wp","href":"https:\/\/api.w.org\/{rel}","templated":true}]}}